{"id":178,"date":"2023-01-16T14:43:46","date_gmt":"2023-01-16T13:43:46","guid":{"rendered":"http:\/\/cdarchitectes.fr\/?p=178"},"modified":"2023-03-01T10:28:06","modified_gmt":"2023-03-01T09:28:06","slug":"cabinet-kinesitherapie","status":"publish","type":"post","link":"https:\/\/cdarchitectes.fr\/index.php\/2023\/01\/16\/cabinet-kinesitherapie\/","title":{"rendered":"Cabinet Kin\u00e9sith\u00e9rapie"},"content":{"rendered":"\n<h2>Saint-Amans-Soult (81)<\/h2>\n\n\n\n\n\n\n\n<p>Programme : R\u00e9am\u00e9nagement et extension d&rsquo;un cabinet de kin\u00e9sith\u00e9rapie, avec cr\u00e9ation de 3 salles suppl\u00e9mentaires et un studio \u00e0 l&rsquo;\u00e9tage en mezzanine.<\/p>\n\n\n\n<p>Lieu : Saint-Amans-Soult (81)<\/p>\n\n\n\n<p>Genre : Sant\u00e9 &#8211; Cabinet kin\u00e9sith\u00e9rapie<\/p>\n\n\n\n<p>Surface plancher : 240 m\u00b2<\/p>\n\n\n\n<p>Ma\u00eetre d&rsquo;ouvrage :Priv\u00e9<\/p>\n\n\n\n<p>Mission architecte : Compl\u00e8te &#8211; Suivi de chantier<\/p>\n\n\n\n<p>Phase \/ Livraison : 2009<\/p>\n","protected":false},"excerpt":{"rendered":"<p>Saint-Amans-Soult (81) Programme : R\u00e9am\u00e9nagement et extension d&rsquo;un cabinet de kin\u00e9sith\u00e9rapie, avec cr\u00e9ation de 3 salles suppl\u00e9mentaires et un studio \u00e0 l&rsquo;\u00e9tage en mezzanine. Lieu : Saint-Amans-Soult (81) Genre : Sant\u00e9 &#8211; Cabinet kin\u00e9sith\u00e9rapie Surface plancher : 240 m\u00b2 Ma\u00eetre d&rsquo;ouvrage :Priv\u00e9 Mission architecte : Compl\u00e8te &#8211; Suivi de chantier Phase \/ Livraison : 2009<\/p>\n","protected":false},"author":1,"featured_media":0,"comment_status":"closed","ping_status":"closed","sticky":false,"template":"","format":"standard","meta":[],"categories":[6],"tags":[23,8,22,20],"_links":{"self":[{"href":"https:\/\/cdarchitectes.fr\/index.php\/wp-json\/wp\/v2\/posts\/178"}],"collection":[{"href":"https:\/\/cdarchitectes.fr\/index.php\/wp-json\/wp\/v2\/posts"}],"about":[{"href":"https:\/\/cdarchitectes.fr\/index.php\/wp-json\/wp\/v2\/types\/post"}],"author":[{"embeddable":true,"href":"https:\/\/cdarchitectes.fr\/index.php\/wp-json\/wp\/v2\/users\/1"}],"replies":[{"embeddable":true,"href":"https:\/\/cdarchitectes.fr\/index.php\/wp-json\/wp\/v2\/comments?post=178"}],"version-history":[{"count":9,"href":"https:\/\/cdarchitectes.fr\/index.php\/wp-json\/wp\/v2\/posts\/178\/revisions"}],"predecessor-version":[{"id":725,"href":"https:\/\/cdarchitectes.fr\/index.php\/wp-json\/wp\/v2\/posts\/178\/revisions\/725"}],"wp:attachment":[{"href":"https:\/\/cdarchitectes.fr\/index.php\/wp-json\/wp\/v2\/media?parent=178"}],"wp:term":[{"taxonomy":"category","embeddable":true,"href":"https:\/\/cdarchitectes.fr\/index.php\/wp-json\/wp\/v2\/categories?post=178"},{"taxonomy":"post_tag","embeddable":true,"href":"https:\/\/cdarchitectes.fr\/index.php\/wp-json\/wp\/v2\/tags?post=178"}],"curies":[{"name":"wp","href":"https:\/\/api.w.org\/{rel}","templated":true}]}}