{"id":244,"date":"2023-01-16T14:43:57","date_gmt":"2023-01-16T13:43:57","guid":{"rendered":"http:\/\/cdarchitectes.fr\/?p=244"},"modified":"2023-03-01T10:27:50","modified_gmt":"2023-03-01T09:27:50","slug":"cabinet-medecine-generale-et-osteopathie","status":"publish","type":"post","link":"https:\/\/cdarchitectes.fr\/index.php\/2023\/01\/16\/cabinet-medecine-generale-et-osteopathie\/","title":{"rendered":"Cabinet m\u00e9decine g\u00e9n\u00e9rale et ost\u00e9opathie"},"content":{"rendered":"\n<h2>Grenade sur Garonne (31)<\/h2>\n\n\n\n\n\n\n\n<p>Programme : R\u00e9novation et r\u00e9am\u00e9nagement d&rsquo;une maison de ville en un cabinet de m\u00e9decine g\u00e9n\u00e9rale, un cabinet d&rsquo;ost\u00e9opathie, une salle d&rsquo;attente commune et 2 logements aux \u00e9tages.<\/p>\n\n\n\n<p>Lieu : Grenade sur Garonne (31)<\/p>\n\n\n\n<p>Genre : Sant\u00e9 &#8211; Cabinet m\u00e9decine g\u00e9n\u00e9rale et ost\u00e9opathie<\/p>\n\n\n\n<p>Ma\u00eetre d&rsquo;ouvrage : Priv\u00e9<\/p>\n\n\n\n<p>Mission architecte : Compl\u00e8te &#8211; Suivi de chantier<\/p>\n\n\n\n<p>Phase \/ Livraison : 2011<\/p>\n","protected":false},"excerpt":{"rendered":"<p>Grenade sur Garonne (31) Programme : R\u00e9novation et r\u00e9am\u00e9nagement d&rsquo;une maison de ville en un cabinet de m\u00e9decine g\u00e9n\u00e9rale, un cabinet d&rsquo;ost\u00e9opathie, une salle d&rsquo;attente commune et 2 logements aux \u00e9tages. Lieu : Grenade sur Garonne (31) Genre : Sant\u00e9 &#8211; Cabinet m\u00e9decine g\u00e9n\u00e9rale et ost\u00e9opathie Ma\u00eetre d&rsquo;ouvrage : Priv\u00e9 Mission architecte : Compl\u00e8te &#8211; [&hellip;]<\/p>\n","protected":false},"author":1,"featured_media":0,"comment_status":"closed","ping_status":"closed","sticky":false,"template":"","format":"standard","meta":[],"categories":[6],"tags":[16,8,22,20],"_links":{"self":[{"href":"https:\/\/cdarchitectes.fr\/index.php\/wp-json\/wp\/v2\/posts\/244"}],"collection":[{"href":"https:\/\/cdarchitectes.fr\/index.php\/wp-json\/wp\/v2\/posts"}],"about":[{"href":"https:\/\/cdarchitectes.fr\/index.php\/wp-json\/wp\/v2\/types\/post"}],"author":[{"embeddable":true,"href":"https:\/\/cdarchitectes.fr\/index.php\/wp-json\/wp\/v2\/users\/1"}],"replies":[{"embeddable":true,"href":"https:\/\/cdarchitectes.fr\/index.php\/wp-json\/wp\/v2\/comments?post=244"}],"version-history":[{"count":6,"href":"https:\/\/cdarchitectes.fr\/index.php\/wp-json\/wp\/v2\/posts\/244\/revisions"}],"predecessor-version":[{"id":728,"href":"https:\/\/cdarchitectes.fr\/index.php\/wp-json\/wp\/v2\/posts\/244\/revisions\/728"}],"wp:attachment":[{"href":"https:\/\/cdarchitectes.fr\/index.php\/wp-json\/wp\/v2\/media?parent=244"}],"wp:term":[{"taxonomy":"category","embeddable":true,"href":"https:\/\/cdarchitectes.fr\/index.php\/wp-json\/wp\/v2\/categories?post=244"},{"taxonomy":"post_tag","embeddable":true,"href":"https:\/\/cdarchitectes.fr\/index.php\/wp-json\/wp\/v2\/tags?post=244"}],"curies":[{"name":"wp","href":"https:\/\/api.w.org\/{rel}","templated":true}]}}