{"id":281,"date":"2023-01-16T14:43:12","date_gmt":"2023-01-16T13:43:12","guid":{"rendered":"http:\/\/cdarchitectes.fr\/?p=281"},"modified":"2023-03-01T10:28:50","modified_gmt":"2023-03-01T09:28:50","slug":"2-cabinets-medecine-generale","status":"publish","type":"post","link":"https:\/\/cdarchitectes.fr\/index.php\/2023\/01\/16\/2-cabinets-medecine-generale\/","title":{"rendered":"Cabinet m\u00e9dical \u00ab\u00a0Zamenoff\u00a0\u00bb"},"content":{"rendered":"\n<h2>Toulouse (31)<\/h2>\n\n\n\n\n\n\n\n<p>Programme : Cr\u00e9ation d&rsquo;un cabinet de m\u00e9decine g\u00e9n\u00e9rale, avec salle d&rsquo;attente et secr\u00e9tariat communs, dans un local disponible neuf.<\/p>\n\n\n\n<p>Lieu : Toulouse (31)<\/p>\n\n\n\n<p>Surface plancher : 65 m\u00b2<\/p>\n\n\n\n<p>Ma\u00eetre d&rsquo;ouvrage : Priv\u00e9<\/p>\n\n\n\n<p>Mission architecte : Compl\u00e8te &#8211; Suivi de chantier<\/p>\n\n\n\n<p>Phase \/ Livraison : 2013<\/p>\n","protected":false},"excerpt":{"rendered":"<p>Toulouse (31) Programme : Cr\u00e9ation d&rsquo;un cabinet de m\u00e9decine g\u00e9n\u00e9rale, avec salle d&rsquo;attente et secr\u00e9tariat communs, dans un local disponible neuf. Lieu : Toulouse (31) Surface plancher : 65 m\u00b2 Ma\u00eetre d&rsquo;ouvrage : Priv\u00e9 Mission architecte : Compl\u00e8te &#8211; Suivi de chantier Phase \/ Livraison : 2013<\/p>\n","protected":false},"author":1,"featured_media":0,"comment_status":"closed","ping_status":"open","sticky":false,"template":"","format":"standard","meta":[],"categories":[6],"tags":[8,22,20],"_links":{"self":[{"href":"https:\/\/cdarchitectes.fr\/index.php\/wp-json\/wp\/v2\/posts\/281"}],"collection":[{"href":"https:\/\/cdarchitectes.fr\/index.php\/wp-json\/wp\/v2\/posts"}],"about":[{"href":"https:\/\/cdarchitectes.fr\/index.php\/wp-json\/wp\/v2\/types\/post"}],"author":[{"embeddable":true,"href":"https:\/\/cdarchitectes.fr\/index.php\/wp-json\/wp\/v2\/users\/1"}],"replies":[{"embeddable":true,"href":"https:\/\/cdarchitectes.fr\/index.php\/wp-json\/wp\/v2\/comments?post=281"}],"version-history":[{"count":6,"href":"https:\/\/cdarchitectes.fr\/index.php\/wp-json\/wp\/v2\/posts\/281\/revisions"}],"predecessor-version":[{"id":719,"href":"https:\/\/cdarchitectes.fr\/index.php\/wp-json\/wp\/v2\/posts\/281\/revisions\/719"}],"wp:attachment":[{"href":"https:\/\/cdarchitectes.fr\/index.php\/wp-json\/wp\/v2\/media?parent=281"}],"wp:term":[{"taxonomy":"category","embeddable":true,"href":"https:\/\/cdarchitectes.fr\/index.php\/wp-json\/wp\/v2\/categories?post=281"},{"taxonomy":"post_tag","embeddable":true,"href":"https:\/\/cdarchitectes.fr\/index.php\/wp-json\/wp\/v2\/tags?post=281"}],"curies":[{"name":"wp","href":"https:\/\/api.w.org\/{rel}","templated":true}]}}