{"id":287,"date":"2023-01-16T14:42:17","date_gmt":"2023-01-16T13:42:17","guid":{"rendered":"http:\/\/cdarchitectes.fr\/?p=287"},"modified":"2023-02-24T11:03:58","modified_gmt":"2023-02-24T10:03:58","slug":"restaurant-brasserie-midi5","status":"publish","type":"post","link":"https:\/\/cdarchitectes.fr\/index.php\/2023\/01\/16\/restaurant-brasserie-midi5\/","title":{"rendered":"Brasserie Midi5"},"content":{"rendered":"\n<h2>Centre commercial Roques (31)<\/h2>\n\n\n\n\n\n\n\n<p>Programme : Cr\u00e9ation d&rsquo;un restaurant dans une extension d&rsquo;un centre commercial. Le restaurant pr\u00e9sente une zone fumeur, pionni\u00e8re dans un b\u00e2timent de ces caract\u00e9ristiques. Une entr\u00e9e lat\u00e9rale permet l&rsquo;acc\u00e8s technique \u00e0 la cuisine et aux vestiaires du personnel.<\/p>\n\n\n\n<p>Lieu : Centre commercial Roques (31)<\/p>\n\n\n\n<p>Genre : Tertiaire &#8211; Restaurant<\/p>\n\n\n\n<p>Surface plancher : 400 m\u00b2<\/p>\n\n\n\n<p>Ma\u00eetre d&rsquo;ouvrage : Priv\u00e9<\/p>\n\n\n\n<p>Mission architecte : Compl\u00e8te &#8211; Suivi de chantier <\/p>\n\n\n\n<p>Phase \/ Livraison : 2009<\/p>\n","protected":false},"excerpt":{"rendered":"<p>Centre commercial Roques (31) Programme : Cr\u00e9ation d&rsquo;un restaurant dans une extension d&rsquo;un centre commercial. Le restaurant pr\u00e9sente une zone fumeur, pionni\u00e8re dans un b\u00e2timent de ces caract\u00e9ristiques. Une entr\u00e9e lat\u00e9rale permet l&rsquo;acc\u00e8s technique \u00e0 la cuisine et aux vestiaires du personnel. Lieu : Centre commercial Roques (31) Genre : Tertiaire &#8211; Restaurant Surface plancher [&hellip;]<\/p>\n","protected":false},"author":1,"featured_media":0,"comment_status":"closed","ping_status":"open","sticky":false,"template":"","format":"standard","meta":[],"categories":[6],"tags":[19,20],"_links":{"self":[{"href":"https:\/\/cdarchitectes.fr\/index.php\/wp-json\/wp\/v2\/posts\/287"}],"collection":[{"href":"https:\/\/cdarchitectes.fr\/index.php\/wp-json\/wp\/v2\/posts"}],"about":[{"href":"https:\/\/cdarchitectes.fr\/index.php\/wp-json\/wp\/v2\/types\/post"}],"author":[{"embeddable":true,"href":"https:\/\/cdarchitectes.fr\/index.php\/wp-json\/wp\/v2\/users\/1"}],"replies":[{"embeddable":true,"href":"https:\/\/cdarchitectes.fr\/index.php\/wp-json\/wp\/v2\/comments?post=287"}],"version-history":[{"count":6,"href":"https:\/\/cdarchitectes.fr\/index.php\/wp-json\/wp\/v2\/posts\/287\/revisions"}],"predecessor-version":[{"id":697,"href":"https:\/\/cdarchitectes.fr\/index.php\/wp-json\/wp\/v2\/posts\/287\/revisions\/697"}],"wp:attachment":[{"href":"https:\/\/cdarchitectes.fr\/index.php\/wp-json\/wp\/v2\/media?parent=287"}],"wp:term":[{"taxonomy":"category","embeddable":true,"href":"https:\/\/cdarchitectes.fr\/index.php\/wp-json\/wp\/v2\/categories?post=287"},{"taxonomy":"post_tag","embeddable":true,"href":"https:\/\/cdarchitectes.fr\/index.php\/wp-json\/wp\/v2\/tags?post=287"}],"curies":[{"name":"wp","href":"https:\/\/api.w.org\/{rel}","templated":true}]}}