{"id":315,"date":"2023-01-18T10:34:42","date_gmt":"2023-01-18T09:34:42","guid":{"rendered":"http:\/\/cdarchitectes.fr\/?p=315"},"modified":"2023-02-21T11:07:25","modified_gmt":"2023-02-21T10:07:25","slug":"les-balcons-de-caffarelli","status":"publish","type":"post","link":"https:\/\/cdarchitectes.fr\/index.php\/2023\/01\/18\/les-balcons-de-caffarelli\/","title":{"rendered":"R\u00e9sidence Les Balcons de Caffarelli"},"content":{"rendered":"\n<h2>Toulouse (31)<\/h2>\n\n\n\n<figure class=\"is-layout-flex wp-block-gallery-1 wp-block-gallery has-nested-images columns-default is-cropped\">\n<figure class=\"wp-block-image size-large\"><img decoding=\"async\" width=\"1024\" height=\"576\" data-id=\"329\"  src=\"https:\/\/cdarchitectes.fr\/wp-content\/uploads\/2023\/01\/180421-S-Lordat-2-1024x576.jpg\" alt=\"\" class=\"wp-image-329\" srcset=\"https:\/\/cdarchitectes.fr\/wp-content\/uploads\/2023\/01\/180421-S-Lordat-2-1024x576.jpg 1024w, https:\/\/cdarchitectes.fr\/wp-content\/uploads\/2023\/01\/180421-S-Lordat-2-300x169.jpg 300w, https:\/\/cdarchitectes.fr\/wp-content\/uploads\/2023\/01\/180421-S-Lordat-2-768x432.jpg 768w, https:\/\/cdarchitectes.fr\/wp-content\/uploads\/2023\/01\/180421-S-Lordat-2-1536x864.jpg 1536w, https:\/\/cdarchitectes.fr\/wp-content\/uploads\/2023\/01\/180421-S-Lordat-2-2048x1152.jpg 2048w\" sizes=\"(max-width: 1024px) 100vw, 1024px\" \/><figcaption class=\"wp-element-caption\">\u00c9tat initial<\/figcaption><\/figure>\n\n\n\n<figure class=\"wp-block-image size-large\"><img decoding=\"async\" width=\"1024\" height=\"800\" data-id=\"328\"  src=\"https:\/\/cdarchitectes.fr\/wp-content\/uploads\/2023\/01\/22.04.208-rendu-1024x800.jpg\" alt=\"\" class=\"wp-image-328\" srcset=\"https:\/\/cdarchitectes.fr\/wp-content\/uploads\/2023\/01\/22.04.208-rendu-1024x800.jpg 1024w, https:\/\/cdarchitectes.fr\/wp-content\/uploads\/2023\/01\/22.04.208-rendu-300x234.jpg 300w, https:\/\/cdarchitectes.fr\/wp-content\/uploads\/2023\/01\/22.04.208-rendu-768x600.jpg 768w, https:\/\/cdarchitectes.fr\/wp-content\/uploads\/2023\/01\/22.04.208-rendu-1536x1200.jpg 1536w, https:\/\/cdarchitectes.fr\/wp-content\/uploads\/2023\/01\/22.04.208-rendu-2048x1600.jpg 2048w\" sizes=\"(max-width: 1024px) 100vw, 1024px\" \/><figcaption class=\"wp-element-caption\">Vue d&rsquo;insertion<\/figcaption><\/figure>\n<\/figure>\n\n\n\n<figure class=\"is-layout-flex wp-block-gallery-3 wp-block-gallery has-nested-images columns-default is-cropped\">\n<figure class=\"wp-block-image size-large\"><img decoding=\"async\" width=\"848\" height=\"1024\" data-id=\"326\"  src=\"https:\/\/cdarchitectes.fr\/wp-content\/uploads\/2023\/01\/Protocole-Photo-HD-4-ok-848x1024.png\" alt=\"\" class=\"wp-image-326\" srcset=\"https:\/\/cdarchitectes.fr\/wp-content\/uploads\/2023\/01\/Protocole-Photo-HD-4-ok-848x1024.png 848w, https:\/\/cdarchitectes.fr\/wp-content\/uploads\/2023\/01\/Protocole-Photo-HD-4-ok-248x300.png 248w, https:\/\/cdarchitectes.fr\/wp-content\/uploads\/2023\/01\/Protocole-Photo-HD-4-ok-768x927.png 768w, https:\/\/cdarchitectes.fr\/wp-content\/uploads\/2023\/01\/Protocole-Photo-HD-4-ok-1272x1536.png 1272w, https:\/\/cdarchitectes.fr\/wp-content\/uploads\/2023\/01\/Protocole-Photo-HD-4-ok-1696x2048.png 1696w\" sizes=\"(max-width: 848px) 100vw, 848px\" \/><figcaption class=\"wp-element-caption\">Fa\u00e7ade sur rue<\/figcaption><\/figure>\n\n\n\n<figure class=\"wp-block-image size-large\"><img decoding=\"async\" width=\"1024\" height=\"1020\" data-id=\"327\"  src=\"https:\/\/cdarchitectes.fr\/wp-content\/uploads\/2023\/01\/Protocole-Photo-HD-1-1-1024x1020.jpg\" alt=\"\" class=\"wp-image-327\" srcset=\"https:\/\/cdarchitectes.fr\/wp-content\/uploads\/2023\/01\/Protocole-Photo-HD-1-1-1024x1020.jpg 1024w, https:\/\/cdarchitectes.fr\/wp-content\/uploads\/2023\/01\/Protocole-Photo-HD-1-1-300x300.jpg 300w, https:\/\/cdarchitectes.fr\/wp-content\/uploads\/2023\/01\/Protocole-Photo-HD-1-1-150x150.jpg 150w, https:\/\/cdarchitectes.fr\/wp-content\/uploads\/2023\/01\/Protocole-Photo-HD-1-1-768x765.jpg 768w, https:\/\/cdarchitectes.fr\/wp-content\/uploads\/2023\/01\/Protocole-Photo-HD-1-1-1536x1530.jpg 1536w, https:\/\/cdarchitectes.fr\/wp-content\/uploads\/2023\/01\/Protocole-Photo-HD-1-1-2048x2040.jpg 2048w\" sizes=\"(max-width: 1024px) 100vw, 1024px\" \/><figcaption class=\"wp-element-caption\">Fa\u00e7ade sur cour<\/figcaption><\/figure>\n<\/figure>\n\n\n\n\n\n\n\n<p>Programme : Sur\u00e9l\u00e9vation et r\u00e9am\u00e9nagement d&rsquo;un b\u00e2timent de logements collectifs  avec r\u00e9fection des fa\u00e7ades.<\/p>\n\n\n\n<p>Lieu : Toulouse (31)<\/p>\n\n\n\n<p>Genre : Sur\u00e9l\u00e9vation &#8211; R\u00e9novation<\/p>\n\n\n\n<p>Surface plancher : 432 m\u00b2<\/p>\n\n\n\n<p>Ma\u00eetre d&rsquo;ouvrage : BSF Promotion<\/p>\n\n\n\n<p>Mission architecte : Permis de Construire et Plans de Vente<\/p>\n\n\n\n<p>Phase \/ Livraison : 2020<\/p>\n","protected":false},"excerpt":{"rendered":"<p>Toulouse (31) Programme : Sur\u00e9l\u00e9vation et r\u00e9am\u00e9nagement d&rsquo;un b\u00e2timent de logements collectifs avec r\u00e9fection des fa\u00e7ades. Lieu : Toulouse (31) Genre : Sur\u00e9l\u00e9vation &#8211; R\u00e9novation Surface plancher : 432 m\u00b2 Ma\u00eetre d&rsquo;ouvrage : BSF Promotion Mission architecte : Permis de Construire et Plans de Vente Phase \/ Livraison : 2020<\/p>\n","protected":false},"author":1,"featured_media":0,"comment_status":"closed","ping_status":"closed","sticky":false,"template":"","format":"standard","meta":[],"categories":[6],"tags":[16,7,11,13],"_links":{"self":[{"href":"https:\/\/cdarchitectes.fr\/index.php\/wp-json\/wp\/v2\/posts\/315"}],"collection":[{"href":"https:\/\/cdarchitectes.fr\/index.php\/wp-json\/wp\/v2\/posts"}],"about":[{"href":"https:\/\/cdarchitectes.fr\/index.php\/wp-json\/wp\/v2\/types\/post"}],"author":[{"embeddable":true,"href":"https:\/\/cdarchitectes.fr\/index.php\/wp-json\/wp\/v2\/users\/1"}],"replies":[{"embeddable":true,"href":"https:\/\/cdarchitectes.fr\/index.php\/wp-json\/wp\/v2\/comments?post=315"}],"version-history":[{"count":10,"href":"https:\/\/cdarchitectes.fr\/index.php\/wp-json\/wp\/v2\/posts\/315\/revisions"}],"predecessor-version":[{"id":693,"href":"https:\/\/cdarchitectes.fr\/index.php\/wp-json\/wp\/v2\/posts\/315\/revisions\/693"}],"wp:attachment":[{"href":"https:\/\/cdarchitectes.fr\/index.php\/wp-json\/wp\/v2\/media?parent=315"}],"wp:term":[{"taxonomy":"category","embeddable":true,"href":"https:\/\/cdarchitectes.fr\/index.php\/wp-json\/wp\/v2\/categories?post=315"},{"taxonomy":"post_tag","embeddable":true,"href":"https:\/\/cdarchitectes.fr\/index.php\/wp-json\/wp\/v2\/tags?post=315"}],"curies":[{"name":"wp","href":"https:\/\/api.w.org\/{rel}","templated":true}]}}