{"id":483,"date":"2023-01-24T09:11:13","date_gmt":"2023-01-24T08:11:13","guid":{"rendered":"http:\/\/cdarchitectes.fr\/?p=483"},"modified":"2023-02-08T09:18:43","modified_gmt":"2023-02-08T08:18:43","slug":"maison-no","status":"publish","type":"post","link":"https:\/\/cdarchitectes.fr\/index.php\/2023\/01\/24\/maison-no\/","title":{"rendered":"Maison NO"},"content":{"rendered":"\n<h2>Valederi\u00e8s (81)<\/h2>\n\n\n\n<figure class=\"is-layout-flex wp-block-gallery-1 wp-block-gallery has-nested-images columns-default is-cropped\">\n<figure class=\"wp-block-image size-large\"><img decoding=\"async\" width=\"1024\" height=\"580\" data-id=\"487\"  src=\"https:\/\/cdarchitectes.fr\/wp-content\/uploads\/2023\/01\/NOGUES-160428-vue-12.05-1-1024x580.jpg\" alt=\"\" class=\"wp-image-487\" srcset=\"https:\/\/cdarchitectes.fr\/wp-content\/uploads\/2023\/01\/NOGUES-160428-vue-12.05-1-1024x580.jpg 1024w, https:\/\/cdarchitectes.fr\/wp-content\/uploads\/2023\/01\/NOGUES-160428-vue-12.05-1-300x170.jpg 300w, https:\/\/cdarchitectes.fr\/wp-content\/uploads\/2023\/01\/NOGUES-160428-vue-12.05-1-768x435.jpg 768w, https:\/\/cdarchitectes.fr\/wp-content\/uploads\/2023\/01\/NOGUES-160428-vue-12.05-1-1536x870.jpg 1536w, https:\/\/cdarchitectes.fr\/wp-content\/uploads\/2023\/01\/NOGUES-160428-vue-12.05-1-2048x1161.jpg 2048w\" sizes=\"(max-width: 1024px) 100vw, 1024px\" \/><figcaption class=\"wp-element-caption\">Vue d&rsquo;insertion<\/figcaption><\/figure>\n<\/figure>\n\n\n\n<p>Programme : Cr\u00e9ation d&rsquo;une maison individuelle de type F5, sur un \u00e9tage, sans sous-sol, avec une toiture \u00e0 4 pentes et d&rsquo;un volume qui abrite le stationnement v\u00e9hicule. Les fa\u00e7ades s\u2019ouvrent pleinement au Sud afin de profiter de l\u2019\u00e9nergie et de la luminosit\u00e9 du soleil. Celles situ\u00e9es au Nord, en revanche, sont compos\u00e9es par des ouvertures plus petites et plus espac\u00e9es pour limiter la d\u00e9perdition.<\/p>\n\n\n\n<p>Lieu : Valederi\u00e8s (81)<\/p>\n\n\n\n<p>Surface projet : 125 m\u00b2<\/p>\n\n\n\n<p>Ma\u00eetre d&rsquo;ouvrage : Priv\u00e9<\/p>\n\n\n\n<p>Mission architecte : Permis de Construire<\/p>\n\n\n\n<p>Phase \/ Livraison : 2016<\/p>\n","protected":false},"excerpt":{"rendered":"<p>Valederi\u00e8s (81) Programme : Cr\u00e9ation d&rsquo;une maison individuelle de type F5, sur un \u00e9tage, sans sous-sol, avec une toiture \u00e0 4 pentes et d&rsquo;un volume qui abrite le stationnement v\u00e9hicule. Les fa\u00e7ades s\u2019ouvrent pleinement au Sud afin de profiter de l\u2019\u00e9nergie et de la luminosit\u00e9 du soleil. Celles situ\u00e9es au Nord, en revanche, sont compos\u00e9es [&hellip;]<\/p>\n","protected":false},"author":1,"featured_media":0,"comment_status":"closed","ping_status":"closed","sticky":false,"template":"","format":"standard","meta":[],"categories":[6],"tags":[16,24],"_links":{"self":[{"href":"https:\/\/cdarchitectes.fr\/index.php\/wp-json\/wp\/v2\/posts\/483"}],"collection":[{"href":"https:\/\/cdarchitectes.fr\/index.php\/wp-json\/wp\/v2\/posts"}],"about":[{"href":"https:\/\/cdarchitectes.fr\/index.php\/wp-json\/wp\/v2\/types\/post"}],"author":[{"embeddable":true,"href":"https:\/\/cdarchitectes.fr\/index.php\/wp-json\/wp\/v2\/users\/1"}],"replies":[{"embeddable":true,"href":"https:\/\/cdarchitectes.fr\/index.php\/wp-json\/wp\/v2\/comments?post=483"}],"version-history":[{"count":5,"href":"https:\/\/cdarchitectes.fr\/index.php\/wp-json\/wp\/v2\/posts\/483\/revisions"}],"predecessor-version":[{"id":501,"href":"https:\/\/cdarchitectes.fr\/index.php\/wp-json\/wp\/v2\/posts\/483\/revisions\/501"}],"wp:attachment":[{"href":"https:\/\/cdarchitectes.fr\/index.php\/wp-json\/wp\/v2\/media?parent=483"}],"wp:term":[{"taxonomy":"category","embeddable":true,"href":"https:\/\/cdarchitectes.fr\/index.php\/wp-json\/wp\/v2\/categories?post=483"},{"taxonomy":"post_tag","embeddable":true,"href":"https:\/\/cdarchitectes.fr\/index.php\/wp-json\/wp\/v2\/tags?post=483"}],"curies":[{"name":"wp","href":"https:\/\/api.w.org\/{rel}","templated":true}]}}