{"id":984,"date":"2025-11-05T17:50:53","date_gmt":"2025-11-05T16:50:53","guid":{"rendered":"https:\/\/cdarchitectes.fr\/?p=984"},"modified":"2025-11-06T10:59:42","modified_gmt":"2025-11-06T09:59:42","slug":"cabinet-de-kinesitherapie-a-lisle-jourdain","status":"publish","type":"post","link":"https:\/\/cdarchitectes.fr\/index.php\/2025\/11\/05\/cabinet-de-kinesitherapie-a-lisle-jourdain\/","title":{"rendered":"Cabinet de Kin\u00e9sith\u00e9rapie \u00e0 L&rsquo;Isle Jourdain"},"content":{"rendered":"\n\n\n\n<p>Programme : Cr\u00e9ation d&rsquo;un cabinet de Kin\u00e9sith\u00e9rapie et de cabinet de m\u00e9decin.<\/p>\n\n\n\n<p>Lieu : L&rsquo;Isle Jourdain (32)<\/p>\n\n\n\n<p>Surface plancher : 280 m\u00b2<\/p>\n\n\n\n<p>Ma\u00eetre d&rsquo;ouvrage : Priv\u00e9<\/p>\n\n\n\n<p>Mission architecte : compl\u00e8te (conception et suivi de travaux)<\/p>\n\n\n\n<p>Phase \/ Livraison : 2025<\/p>\n","protected":false},"excerpt":{"rendered":"<p>Programme : Cr\u00e9ation d&rsquo;un cabinet de Kin\u00e9sith\u00e9rapie et de cabinet de m\u00e9decin. Lieu : L&rsquo;Isle Jourdain (32) Surface plancher : 280 m\u00b2 Ma\u00eetre d&rsquo;ouvrage : Priv\u00e9 Mission architecte : compl\u00e8te (conception et suivi de travaux) Phase \/ Livraison : 2025<\/p>\n","protected":false},"author":1,"featured_media":0,"comment_status":"closed","ping_status":"open","sticky":false,"template":"","format":"standard","meta":[],"categories":[6],"tags":[8,22,20],"_links":{"self":[{"href":"https:\/\/cdarchitectes.fr\/index.php\/wp-json\/wp\/v2\/posts\/984"}],"collection":[{"href":"https:\/\/cdarchitectes.fr\/index.php\/wp-json\/wp\/v2\/posts"}],"about":[{"href":"https:\/\/cdarchitectes.fr\/index.php\/wp-json\/wp\/v2\/types\/post"}],"author":[{"embeddable":true,"href":"https:\/\/cdarchitectes.fr\/index.php\/wp-json\/wp\/v2\/users\/1"}],"replies":[{"embeddable":true,"href":"https:\/\/cdarchitectes.fr\/index.php\/wp-json\/wp\/v2\/comments?post=984"}],"version-history":[{"count":4,"href":"https:\/\/cdarchitectes.fr\/index.php\/wp-json\/wp\/v2\/posts\/984\/revisions"}],"predecessor-version":[{"id":997,"href":"https:\/\/cdarchitectes.fr\/index.php\/wp-json\/wp\/v2\/posts\/984\/revisions\/997"}],"wp:attachment":[{"href":"https:\/\/cdarchitectes.fr\/index.php\/wp-json\/wp\/v2\/media?parent=984"}],"wp:term":[{"taxonomy":"category","embeddable":true,"href":"https:\/\/cdarchitectes.fr\/index.php\/wp-json\/wp\/v2\/categories?post=984"},{"taxonomy":"post_tag","embeddable":true,"href":"https:\/\/cdarchitectes.fr\/index.php\/wp-json\/wp\/v2\/tags?post=984"}],"curies":[{"name":"wp","href":"https:\/\/api.w.org\/{rel}","templated":true}]}}